{"id":2672,"date":"2026-01-22T09:41:44","date_gmt":"2026-01-22T08:41:44","guid":{"rendered":"https:\/\/www.rocalba.es\/blog\/?p=2672"},"modified":"2026-01-22T09:41:46","modified_gmt":"2026-01-22T08:41:46","slug":"una-maceta-florida-para-el-invierno-color-y-vida-cuando-el-jardin-descansa","status":"publish","type":"post","link":"https:\/\/www.rocalba.es\/blog\/una-maceta-florida-para-el-invierno-color-y-vida-cuando-el-jardin-descansa\/","title":{"rendered":"Una maceta florida para el invierno: color y vida cuando el jard\u00edn descansa"},"content":{"rendered":"\n<p>Ya te contamos <a href=\"https:\/\/www.rocalba.es\/blog\/como-proteger-huerto-y-jardin-del-frio-tecnicas-contra-heladas\/\">c\u00f3mo proteger tu huerto y jard\u00edn del fr\u00edo en invierno<\/a>, ahora te explicamos c\u00f3mo, cuando el jard\u00edn descansa y los colores se apagan, una maceta puede ser tu soluci\u00f3n para seguir teniendo color y vida a tu alrededor.&nbsp;<\/p>\n\n\n\n<p>Te ayudaremos a elegir flores y follajes decorativos porque el invierno no tiene por qu\u00e9 ser sin\u00f3nimo de jardines desolados y macetas vac\u00edas. Existen un sinf\u00edn de plantas de exterior resistentes al fr\u00edo que pueden prosperar incluso en las condiciones m\u00e1s adversas.\u00a0<\/p>\n\n\n\n<p>Pero primero vamos a hacer un peque\u00f1o hincapi\u00e9 sobre <strong>la diferencia entre los t\u00e9rminos \u201cplantas de invierno\u201d y \u201cplantas resistentes al fr\u00edo\u201d<\/strong>, a menudo usados indistintamente pero que representan dos conceptos distintos. Las plantas de invierno son aquellas que s\u00f3lo florecen durante esta estaci\u00f3n, ser\u00edan las llamadas plantas de temporada, mientras que las plantas resistentes al fr\u00edo son capaces de sobrevivir y, en muchos casos, prosperar en temperaturas bajas.&nbsp;<\/p>\n\n\n\n<p>Las plantas de invierno suelen ser anuales y dejar de dar flor incluso morir con la llegada del calor. Por otro lado, las plantas resistentes al fr\u00edo han desarrollado adaptaciones para sobrevivir en condiciones de fr\u00edo intenso, como la capacidad de resistir la congelaci\u00f3n o proteger sus partes m\u00e1s sensibles.<\/p>\n\n\n\n<h2 class=\"wp-block-heading\">\u00bfQu\u00e9 flores elegir para tener una maceta florida en el exterior?<\/h2>\n\n\n\n<p>Debemos elegir una especie que se adapte a las caracter\u00edsticas de nuestro clima. Si estamos en una zona de inviernos muy duros para saber si estas pueden aguantar sin problemas&#8230;.<\/p>\n\n\n\n<h3 class=\"wp-block-heading\"><strong>Acebo<\/strong><\/h3>\n\n\n<div class=\"wp-block-image\">\n<figure class=\"alignleft size-full is-resized\"><img loading=\"lazy\" decoding=\"async\" width=\"500\" height=\"720\" src=\"https:\/\/www.rocalba.es\/blog\/wp-content\/themes\/veen\/assets\/images\/transparent.gif\" data-lazy=\"true\" data-src=\"https:\/\/www.rocalba.es\/blog\/wp-content\/uploads\/acebo-sobre-Rocalba.jpg\" alt=\"\" class=\"wp-image-2682\" style=\"width:203px;height:auto\" data-srcset=\"https:\/\/www.rocalba.es\/blog\/wp-content\/uploads\/acebo-sobre-Rocalba.jpg 500w, https:\/\/www.rocalba.es\/blog\/wp-content\/uploads\/acebo-sobre-Rocalba-208x300.jpg 208w, https:\/\/www.rocalba.es\/blog\/wp-content\/uploads\/acebo-sobre-Rocalba-69x100.jpg 69w, https:\/\/www.rocalba.es\/blog\/wp-content\/uploads\/acebo-sobre-Rocalba-313x450.jpg 313w\" data-sizes=\"(max-width: 500px) 100vw, 500px\" \/><\/figure><\/div>\n\n\n<p><\/p>\n\n\n\n<p>El <a href=\"https:\/\/www.rocalba.es\/es\/arboles\/432-Array.html\">acebo<\/a> es un arbusto perenne muy apreciado por su resistencia al fr\u00edo y su valor ornamental durante el invierno. Sus hojas verdes brillantes y sus bayas rojas lo convierten en un cl\u00e1sico del jard\u00edn, adem\u00e1s de aportar alimento a las aves en los meses m\u00e1s fr\u00edos. Puede cultivarse en maceta, lo que permite controlar mejor el sustrato \u00e1cido que necesita y resulta ideal para terrazas o espacios reducidos, aunque limita su desarrollo a largo plazo. Necesita sombra parcial y riegos moderados, evitando heladas intensas en ejemplares j\u00f3venes.\u00a0<\/p>\n\n\n\n<p><\/p>\n\n\n\n<h3 class=\"wp-block-heading\"><strong>Cal\u00e9ndula<\/strong> <\/h3>\n\n\n\n<p>La <a href=\"https:\/\/www.rocalba.es\/es\/search?controller=search&amp;orderby=position&amp;orderway=desc&amp;search_query=calendula&amp;tm_submit_search=\">cal\u00e9ndula<\/a> es una <strong>planta de exterior muy f\u00e1cil de cultivar<\/strong>, destacando por su gran resistencia a los cambios de temperatura y por sus flores de colores intensos y luminosos. Es una excelente opci\u00f3n para dar vida y color a terrazas, balcones y jardines, incluso con pocos cuidados.<\/p>\n\n\n\n<figure class=\"wp-block-gallery has-nested-images columns-default is-cropped wp-block-gallery-1 is-layout-flex wp-block-gallery-is-layout-flex\">\n<figure class=\"wp-block-image size-large\"><a href=\"https:\/\/www.rocalba.es\/es\/semillas-de-flores\/486-calendula.html?search_query=calendula&amp;results=4\"><img loading=\"lazy\" decoding=\"async\" width=\"500\" height=\"720\" data-id=\"2685\" src=\"https:\/\/www.rocalba.es\/blog\/wp-content\/themes\/veen\/assets\/images\/transparent.gif\" data-lazy=\"true\" data-src=\"https:\/\/www.rocalba.es\/blog\/wp-content\/uploads\/calendula-doble.jpg\" alt=\"\" class=\"wp-image-2685\" data-srcset=\"https:\/\/www.rocalba.es\/blog\/wp-content\/uploads\/calendula-doble.jpg 500w, https:\/\/www.rocalba.es\/blog\/wp-content\/uploads\/calendula-doble-208x300.jpg 208w, https:\/\/www.rocalba.es\/blog\/wp-content\/uploads\/calendula-doble-69x100.jpg 69w, https:\/\/www.rocalba.es\/blog\/wp-content\/uploads\/calendula-doble-313x450.jpg 313w\" data-sizes=\"(max-width: 500px) 100vw, 500px\" \/><\/a><\/figure>\n\n\n\n<figure class=\"wp-block-image size-large\"><a href=\"https:\/\/www.rocalba.es\/es\/semillas-de-flores\/487-calendula.html?search_query=calendula&amp;results=4\"><img loading=\"lazy\" decoding=\"async\" width=\"500\" height=\"720\" data-id=\"2687\" src=\"https:\/\/www.rocalba.es\/blog\/wp-content\/themes\/veen\/assets\/images\/transparent.gif\" data-lazy=\"true\" data-src=\"https:\/\/www.rocalba.es\/blog\/wp-content\/uploads\/calendula-fiesta-gitana-enana.jpg\" alt=\"\" class=\"wp-image-2687\" data-srcset=\"https:\/\/www.rocalba.es\/blog\/wp-content\/uploads\/calendula-fiesta-gitana-enana.jpg 500w, https:\/\/www.rocalba.es\/blog\/wp-content\/uploads\/calendula-fiesta-gitana-enana-208x300.jpg 208w, https:\/\/www.rocalba.es\/blog\/wp-content\/uploads\/calendula-fiesta-gitana-enana-69x100.jpg 69w, https:\/\/www.rocalba.es\/blog\/wp-content\/uploads\/calendula-fiesta-gitana-enana-313x450.jpg 313w\" data-sizes=\"(max-width: 500px) 100vw, 500px\" \/><\/a><\/figure>\n\n\n\n<figure class=\"wp-block-image size-large\"><a href=\"https:\/\/www.rocalba.es\/es\/semillas-de-flores\/488-calendula.html?search_query=calendula&amp;results=4\"><img loading=\"lazy\" decoding=\"async\" width=\"500\" height=\"720\" data-id=\"2686\" src=\"https:\/\/www.rocalba.es\/blog\/wp-content\/themes\/veen\/assets\/images\/transparent.gif\" data-lazy=\"true\" data-src=\"https:\/\/www.rocalba.es\/blog\/wp-content\/uploads\/calendula-prince-dorange-doble.jpg\" alt=\"\" class=\"wp-image-2686\" data-srcset=\"https:\/\/www.rocalba.es\/blog\/wp-content\/uploads\/calendula-prince-dorange-doble.jpg 500w, https:\/\/www.rocalba.es\/blog\/wp-content\/uploads\/calendula-prince-dorange-doble-208x300.jpg 208w, https:\/\/www.rocalba.es\/blog\/wp-content\/uploads\/calendula-prince-dorange-doble-69x100.jpg 69w, https:\/\/www.rocalba.es\/blog\/wp-content\/uploads\/calendula-prince-dorange-doble-313x450.jpg 313w\" data-sizes=\"(max-width: 500px) 100vw, 500px\" \/><\/a><\/figure>\n<\/figure>\n\n\n\n<p>Adem\u00e1s de su valor ornamental, la cal\u00e9ndula es conocida tradicionalmente por sus propiedades calmantes y antiinflamatorias, lo que ha favorecido su uso en cosm\u00e9tica y productos de higiene personal. Se considera una planta medicinal de gran inter\u00e9s, con principios activos ampliamente reconocidos, aunque su origen exacto sigue siendo desconocido.<\/p>\n\n\n<div class=\"wp-block-image\">\n<figure class=\"alignright size-full is-resized\"><a href=\"https:\/\/www.rocalba.es\/es\/flores-comestibles\/4146-calendula.html?search_query=calendula&amp;results=4\"><img loading=\"lazy\" decoding=\"async\" width=\"500\" height=\"720\" src=\"https:\/\/www.rocalba.es\/blog\/wp-content\/themes\/veen\/assets\/images\/transparent.gif\" data-lazy=\"true\" data-src=\"http:\/\/www.rocalba.es\/blog\/wp-content\/uploads\/calendula-aromatica.jpg\" alt=\"\" class=\"wp-image-2688\" style=\"width:228px;height:auto\" data-srcset=\"https:\/\/www.rocalba.es\/blog\/wp-content\/uploads\/calendula-aromatica.jpg 500w, https:\/\/www.rocalba.es\/blog\/wp-content\/uploads\/calendula-aromatica-208x300.jpg 208w, https:\/\/www.rocalba.es\/blog\/wp-content\/uploads\/calendula-aromatica-69x100.jpg 69w, https:\/\/www.rocalba.es\/blog\/wp-content\/uploads\/calendula-aromatica-313x450.jpg 313w\" data-sizes=\"(max-width: 500px) 100vw, 500px\" \/><\/a><\/figure><\/div>\n\n\n<p>El t\u00e9rmino Calendula <strong>engloba numerosas variedades<\/strong>, algunas de las cuales se utilizan de forma ornamental e incluso <a href=\"https:\/\/www.rocalba.es\/es\/flores-comestibles\/4146-calendula.html\">decorativa en cocina<\/a>. <\/p>\n\n\n\n<p>En Rocalba valoramos especialmente su rusticidad, su f\u00e1cil adaptaci\u00f3n y su capacidad para aportar color y funcionalidad al jard\u00edn durante gran parte del a\u00f1o.<\/p>\n\n\n\n<p><\/p>\n\n\n\n<p><\/p>\n\n\n\n<h3 class=\"wp-block-heading\"><strong>Camelia<\/strong><\/h3>\n\n\n\n<figure class=\"wp-block-image size-full\"><img loading=\"lazy\" decoding=\"async\" width=\"1000\" height=\"750\" src=\"https:\/\/www.rocalba.es\/blog\/wp-content\/themes\/veen\/assets\/images\/transparent.gif\" data-lazy=\"true\" data-src=\"https:\/\/www.rocalba.es\/blog\/wp-content\/uploads\/Camelia.jpg\" alt=\"foto de camelia\" class=\"wp-image-2674\" data-srcset=\"https:\/\/www.rocalba.es\/blog\/wp-content\/uploads\/Camelia.jpg 1000w, https:\/\/www.rocalba.es\/blog\/wp-content\/uploads\/Camelia-300x225.jpg 300w, https:\/\/www.rocalba.es\/blog\/wp-content\/uploads\/Camelia-768x576.jpg 768w, https:\/\/www.rocalba.es\/blog\/wp-content\/uploads\/Camelia-100x75.jpg 100w, https:\/\/www.rocalba.es\/blog\/wp-content\/uploads\/Camelia-600x450.jpg 600w\" data-sizes=\"(max-width: 1000px) 100vw, 1000px\" \/><\/figure>\n\n\n\n<p>La <a href=\"https:\/\/www.rocalba.es\/es\/search?controller=search&amp;orderby=position&amp;orderway=desc&amp;search_query=camelia&amp;tm_submit_search=\">camelia<\/a> es un <strong>arbusto ornamental<\/strong> muy presente en los jardines de invierno por su extraordinario valor decorativo. Durante los meses m\u00e1s fr\u00edos, cuando muchas plantas detienen su actividad, la camelia despliega una floraci\u00f3n abundante y elegante, con flores que van desde el blanco hasta distintos tonos de rosa y rojo.<\/p>\n\n\n\n<p>Se trata de una planta r\u00fastica y resistente, <strong>capaz de soportar temperaturas bajas<\/strong>, siempre que se cultive en las condiciones adecuadas. Prefiere suelos ligeramente \u00e1cidos y ubicaciones luminosas pero protegidas del sol directo, que puede da\u00f1ar hojas y flores. El riego debe realizarse con regularidad, utilizando aguas blandas para evitar problemas de clorosis.<\/p>\n\n\n\n<p>La camelia <strong>se adapta muy bien al cultivo en maceta<\/strong>, lo que la convierte en una opci\u00f3n ideal para terrazas, patios o balcones, sin necesidad de disponer de un jard\u00edn.<\/p>\n\n\n\n<h3 class=\"wp-block-heading\"><strong>Ciclamen<\/strong><\/h3>\n\n\n\n<figure class=\"wp-block-image size-large\"><img loading=\"lazy\" decoding=\"async\" width=\"1260\" height=\"840\" src=\"https:\/\/www.rocalba.es\/blog\/wp-content\/themes\/veen\/assets\/images\/transparent.gif\" data-lazy=\"true\" data-src=\"https:\/\/www.rocalba.es\/blog\/wp-content\/uploads\/Ciclamen-flor-invierno-1260x840.jpg\" alt=\"\" class=\"wp-image-2676\" data-srcset=\"https:\/\/www.rocalba.es\/blog\/wp-content\/uploads\/Ciclamen-flor-invierno-1260x840.jpg 1260w, https:\/\/www.rocalba.es\/blog\/wp-content\/uploads\/Ciclamen-flor-invierno-300x200.jpg 300w, https:\/\/www.rocalba.es\/blog\/wp-content\/uploads\/Ciclamen-flor-invierno-768x512.jpg 768w, https:\/\/www.rocalba.es\/blog\/wp-content\/uploads\/Ciclamen-flor-invierno-1536x1024.jpg 1536w, https:\/\/www.rocalba.es\/blog\/wp-content\/uploads\/Ciclamen-flor-invierno-2048x1365.jpg 2048w, https:\/\/www.rocalba.es\/blog\/wp-content\/uploads\/Ciclamen-flor-invierno-100x67.jpg 100w, https:\/\/www.rocalba.es\/blog\/wp-content\/uploads\/Ciclamen-flor-invierno-675x450.jpg 675w, https:\/\/www.rocalba.es\/blog\/wp-content\/uploads\/Ciclamen-flor-invierno-1600x1067.jpg 1600w\" data-sizes=\"(max-width: 1260px) 100vw, 1260px\" \/><\/figure>\n\n\n\n<p>El <a href=\"https:\/\/www.rocalba.es\/es\/semillas-de-flores\/500-ciclamen.html\">ciclamen<\/a> es una de las plantas m\u00e1s apreciadas para mantener terrazas y <a href=\"https:\/\/www.rocalba.es\/blog\/cyclamen-balcones-en-flor-tambien-en-invierno\/\">balcones en flor tambi\u00e9n el invierno<\/a>. Sus flores, elegantes y muy llamativas, aportan color y frescura al jard\u00edn en una \u00e9poca en la que pocas especies est\u00e1n en plena floraci\u00f3n.<\/p>\n\n\n\n<p><strong>Destaca por su buena resistencia al fr\u00edo<\/strong>, lo que lo convierte en una opci\u00f3n ideal para exteriores en los meses m\u00e1s frescos. Sin embargo, no tolera bien el calor intenso: cuando las temperaturas superan los 25 \u00b0C, la planta entra en reposo y pierde su parte a\u00e9rea.<\/p>\n\n\n\n<p>El ciclamen es f\u00e1cil de cultivar y <strong>se adapta bien tanto a macetas como a jardineras<\/strong>. El <a href=\"https:\/\/www.rocalba.es\/es\/semillas-de-flores\/500-ciclamen.html\">Ciclamen Variado<\/a> est\u00e1 presente en nuestro cat\u00e1logo en una amplia gama de colores, lo que permite crear composiciones decorativas muy atractivas incluso en pleno invierno.<\/p>\n\n\n\n<h3 class=\"wp-block-heading\"><strong>Cineraria<\/strong><\/h3>\n\n\n<div class=\"wp-block-image\">\n<figure class=\"alignright size-full is-resized\"><a href=\"https:\/\/www.rocalba.es\/es\/semillas-de-flores\/501-cineraria-hibrida.html?search_query=cineraria&amp;results=1\"><img loading=\"lazy\" decoding=\"async\" width=\"500\" height=\"720\" src=\"https:\/\/www.rocalba.es\/blog\/wp-content\/themes\/veen\/assets\/images\/transparent.gif\" data-lazy=\"true\" data-src=\"https:\/\/www.rocalba.es\/blog\/wp-content\/uploads\/cineraria-hibrida.jpg\" alt=\"\" class=\"wp-image-2694\" style=\"width:385px;height:auto\" data-srcset=\"https:\/\/www.rocalba.es\/blog\/wp-content\/uploads\/cineraria-hibrida.jpg 500w, https:\/\/www.rocalba.es\/blog\/wp-content\/uploads\/cineraria-hibrida-208x300.jpg 208w, https:\/\/www.rocalba.es\/blog\/wp-content\/uploads\/cineraria-hibrida-69x100.jpg 69w, https:\/\/www.rocalba.es\/blog\/wp-content\/uploads\/cineraria-hibrida-313x450.jpg 313w\" data-sizes=\"(max-width: 500px) 100vw, 500px\" \/><\/a><\/figure><\/div>\n\n\n<p>La <a href=\"https:\/\/www.rocalba.es\/es\/semillas-de-flores\/501-cineraria-hibrida.html?search_query=cineraria&amp;results=1\">cineraria<\/a> es una planta muy apreciada en invierno por su <strong>floraci\u00f3n vistosa y colorida<\/strong>, con tonos que van del rojo y el azul al lila y el blanco. Sus flores aparecen a finales del invierno y se prolongan hasta la primavera, aportando un toque de color cuando la mayor\u00eda de las plantas a\u00fan no est\u00e1n en plena actividad.<\/p>\n\n\n\n<p>Se cultiva principalmente como planta de interior o en espacios protegidos, ya que prefiere temperaturas frescas, entre 10 y 18 \u00b0C, y no tolera ni las heladas ni el calor excesivo. Para un buen desarrollo, necesita ambientes templados y ligeramente h\u00famedos, con luz abundante pero indirecta. El riego debe ser regular, evitando siempre el encharcamiento.<\/p>\n\n\n\n<p>En cuanto a su ubicaci\u00f3n, la cineraria se adapta bien a interiores luminosos sin sol directo o a <strong>porches y terrazas resguardadas del viento y del fr\u00edo intenso<\/strong>, siendo una opci\u00f3n ideal para disfrutar de color en los meses finales del invierno.<\/p>\n\n\n\n<h3 class=\"wp-block-heading\"><strong>Crisantemo<\/strong><\/h3>\n\n\n\n<figure class=\"wp-block-image size-full\"><img loading=\"lazy\" decoding=\"async\" width=\"1000\" height=\"667\" src=\"https:\/\/www.rocalba.es\/blog\/wp-content\/themes\/veen\/assets\/images\/transparent.gif\" data-lazy=\"true\" data-src=\"https:\/\/www.rocalba.es\/blog\/wp-content\/uploads\/Crisantemo.jpg\" alt=\"crisantemo flor invierno\" class=\"wp-image-2677\" data-srcset=\"https:\/\/www.rocalba.es\/blog\/wp-content\/uploads\/Crisantemo.jpg 1000w, https:\/\/www.rocalba.es\/blog\/wp-content\/uploads\/Crisantemo-300x200.jpg 300w, https:\/\/www.rocalba.es\/blog\/wp-content\/uploads\/Crisantemo-768x512.jpg 768w, https:\/\/www.rocalba.es\/blog\/wp-content\/uploads\/Crisantemo-100x67.jpg 100w, https:\/\/www.rocalba.es\/blog\/wp-content\/uploads\/Crisantemo-675x450.jpg 675w\" data-sizes=\"(max-width: 1000px) 100vw, 1000px\" \/><\/figure>\n\n\n\n<p>El <a href=\"https:\/\/www.rocalba.es\/es\/search?controller=search&amp;orderby=position&amp;orderway=desc&amp;search_query=CRISANTEMO&amp;tm_submit_search=\">crisantemo<\/a> es una de las plantas m\u00e1s agradecidas para disfrutar de color durante el oto\u00f1o y el invierno. <strong>Destaca por su capacidad de florecer en las estaciones fr\u00edas<\/strong>, siempre que reciba unos cuidados b\u00e1sicos, como un sustrato ligeramente h\u00famedo y protecci\u00f3n frente a corrientes de aire. Una aportaci\u00f3n de abono cada quince d\u00edas ayuda a prolongar y reforzar la floraci\u00f3n.<\/p>\n\n\n\n<p>Disponible en una amplia gama de colores (blanco, amarillo, rosa, lila, rojo o verde lima) es una opci\u00f3n muy vers\u00e1til tanto para macetas, jardineras o plantaci\u00f3n en el jard\u00edn. Prefiere ubicaciones luminosas e incluso a pleno sol, ya que la falta de luz puede impedir que las flores se abran correctamente. Retirar las flores marchitas favorece que las nuevas duren m\u00e1s tiempo.<\/p>\n\n\n\n<p>Por su resistencia, facilidad de cultivo y escasas necesidades, el crisantemo es una elecci\u00f3n habitual para decorar hogares y espacios exteriores en los meses finales del a\u00f1o, siendo adem\u00e1s una planta tradicionalmente asociada al D\u00eda de Difuntos.<\/p>\n\n\n\n<h3 class=\"wp-block-heading\"><strong>Carraspique<\/strong><\/h3>\n\n\n<div class=\"wp-block-image\">\n<figure class=\"alignright size-full is-resized\"><a href=\"https:\/\/www.rocalba.es\/es\/semillas-de-flores\/496-carraspique.html?search_query=carraspique&amp;results=1\"><img loading=\"lazy\" decoding=\"async\" width=\"500\" height=\"720\" src=\"https:\/\/www.rocalba.es\/blog\/wp-content\/themes\/veen\/assets\/images\/transparent.gif\" data-lazy=\"true\" data-src=\"https:\/\/www.rocalba.es\/blog\/wp-content\/uploads\/carraspique.jpg\" alt=\"\" class=\"wp-image-2697\" style=\"width:360px;height:auto\" data-srcset=\"https:\/\/www.rocalba.es\/blog\/wp-content\/uploads\/carraspique.jpg 500w, https:\/\/www.rocalba.es\/blog\/wp-content\/uploads\/carraspique-208x300.jpg 208w, https:\/\/www.rocalba.es\/blog\/wp-content\/uploads\/carraspique-69x100.jpg 69w, https:\/\/www.rocalba.es\/blog\/wp-content\/uploads\/carraspique-313x450.jpg 313w\" data-sizes=\"(max-width: 500px) 100vw, 500px\" \/><\/a><\/figure><\/div>\n\n\n<p>Conocido como <strong><a href=\"https:\/\/www.rocalba.es\/es\/semillas-de-flores\/496-carraspique.html?search_query=carraspique&amp;results=1\">carraspique o canastillo de plata<\/a><\/strong>, el Iberis es una planta muy valorada por su resistencia y facilidad de cultivo, lo que la convierte en una excelente opci\u00f3n para jardines y terrazas durante el oto\u00f1o y el invierno. Se adapta bien tanto al suelo como al cultivo en maceta, aportando color y estructura con muy pocos cuidados.<\/p>\n\n\n\n<p>Es una planta duradera y r\u00fastica, aunque conviene prestar atenci\u00f3n al riego, ya que no tolera el exceso de humedad ni los encharcamientos. Necesita riegos regulares pero moderados para desarrollarse correctamente.<\/p>\n\n\n\n<p>El Iberis <strong>ofrece una floraci\u00f3n atractiva, con p\u00e9talos en tonos blancos, rosados, p\u00farpuras o morados, muy decorativos en espacios exteriores<\/strong>. Tradicionalmente se le han atribuido propiedades medicinales, aunque desde Rocalba recomendamos disfrutarla principalmente por su valor ornamental, asegurando siempre un cultivo sencillo y equilibrado en las \u00e9pocas m\u00e1s fr\u00edas del a\u00f1o.<\/p>\n\n\n\n<h3 class=\"wp-block-heading\"><strong>Jacintos<\/strong><\/h3>\n\n\n\n<figure class=\"wp-block-image size-full\"><img loading=\"lazy\" decoding=\"async\" width=\"1000\" height=\"667\" src=\"https:\/\/www.rocalba.es\/blog\/wp-content\/themes\/veen\/assets\/images\/transparent.gif\" data-lazy=\"true\" data-src=\"https:\/\/www.rocalba.es\/blog\/wp-content\/uploads\/Jacintos.jpg\" alt=\"jacintos flores de invierno\" class=\"wp-image-2678\" data-srcset=\"https:\/\/www.rocalba.es\/blog\/wp-content\/uploads\/Jacintos.jpg 1000w, https:\/\/www.rocalba.es\/blog\/wp-content\/uploads\/Jacintos-300x200.jpg 300w, https:\/\/www.rocalba.es\/blog\/wp-content\/uploads\/Jacintos-768x512.jpg 768w, https:\/\/www.rocalba.es\/blog\/wp-content\/uploads\/Jacintos-100x67.jpg 100w, https:\/\/www.rocalba.es\/blog\/wp-content\/uploads\/Jacintos-675x450.jpg 675w\" data-sizes=\"(max-width: 1000px) 100vw, 1000px\" \/><\/figure>\n\n\n\n<p>Son plantas perennes muy apreciadas por su <strong>inconfundible fragancia<\/strong>, capaz de perfumar el ambiente incluso durante los meses m\u00e1s fr\u00edos del a\u00f1o. Sus <strong>flores, agrupadas en densos racimos, destacan por sus colores vivos y alegres<\/strong>, convirti\u00e9ndose en una excelente opci\u00f3n para dar vida a los d\u00edas grises del invierno.<\/p>\n\n\n\n<p>Se pueden <strong>cultivar tanto en el jard\u00edn como en maceta<\/strong>, incluso como planta de interior, adapt\u00e1ndose bien a distintos espacios. Durante el invierno necesitan riego abundante, ya que a diferencia de otras especies, no toleran la falta de agua. En cuanto a la ubicaci\u00f3n, prefieren espacios luminosos pero protegidos del sol directo, que podr\u00eda da\u00f1ar la floraci\u00f3n.<\/p>\n\n\n\n<p>Por su f\u00e1cil cultivo, su aroma caracter\u00edstico y su valor ornamental, los <a href=\"https:\/\/www.rocalba.es\/es\/search?controller=search&amp;orderby=position&amp;orderway=desc&amp;search_query=jacinto&amp;tm_submit_search=\">jacintos<\/a> son una opci\u00f3n ideal para acompa\u00f1ar jardines, terrazas o interiores durante la temporada invernal.<\/p>\n\n\n\n<h3 class=\"wp-block-heading\"><strong>Lavanda<\/strong><\/h3>\n\n\n\n<figure class=\"wp-block-image size-full\"><img loading=\"lazy\" decoding=\"async\" width=\"1000\" height=\"662\" src=\"https:\/\/www.rocalba.es\/blog\/wp-content\/themes\/veen\/assets\/images\/transparent.gif\" data-lazy=\"true\" data-src=\"https:\/\/www.rocalba.es\/blog\/wp-content\/uploads\/Lavanda.jpg\" alt=\"lavanda en invierno\" class=\"wp-image-2679\" data-srcset=\"https:\/\/www.rocalba.es\/blog\/wp-content\/uploads\/Lavanda.jpg 1000w, https:\/\/www.rocalba.es\/blog\/wp-content\/uploads\/Lavanda-300x199.jpg 300w, https:\/\/www.rocalba.es\/blog\/wp-content\/uploads\/Lavanda-768x508.jpg 768w, https:\/\/www.rocalba.es\/blog\/wp-content\/uploads\/Lavanda-100x66.jpg 100w, https:\/\/www.rocalba.es\/blog\/wp-content\/uploads\/Lavanda-680x450.jpg 680w\" data-sizes=\"(max-width: 1000px) 100vw, 1000px\" \/><\/figure>\n\n\n\n<p>Aunque suele asociarse a climas templados, la <a href=\"https:\/\/www.rocalba.es\/es\/ecologicas\/824-lavanda.html\">lavanda<\/a> es una hierba arom\u00e1tica que tambi\u00e9n puede convertirse en una<strong> excelente aliada para decorar espacios exteriores durante el invierno<\/strong>. Aporta color, estructura y, por supuesto, su inconfundible aroma incluso en los meses m\u00e1s fr\u00edos.<\/p>\n\n\n\n<p>Se trata de una planta muy resistente, capaz de soportar bajas temperaturas si se cultiva en las condiciones adecuadas. Por ello, es una opci\u00f3n imprescindible para jardines y terrazas que buscan plantas duraderas y de bajo mantenimiento en esta \u00e9poca del a\u00f1o.<\/p>\n\n\n\n<p>La lavanda prefiere suelos secos, bien drenados y ubicaciones soleadas. El riego debe ser moderado, evitando siempre el exceso de humedad, especialmente en invierno.<\/p>\n\n\n\n<p>Y si te apasiona la lavanda y los productos naturales, en nuestro blog puedes descubrir <a href=\"https:\/\/www.rocalba.es\/blog\/como-elaborar-jabon-de-lavanda-con-tus-propios-cultivos\/\">c\u00f3mo elaborar jab\u00f3n de lavanda con tus propios cultivos<\/a><\/p>\n\n\n\n<h3 class=\"wp-block-heading\"><strong>Narciso<\/strong><\/h3>\n\n\n<div class=\"wp-block-image\">\n<figure class=\"alignleft size-full is-resized\"><a href=\"https:\/\/www.rocalba.es\/es\/envases-y-granel-de-bulbos-de-otono\/97-narcisos-trompeta-mezcla-de-colores.html?search_query=narciso&amp;results=22\"><img loading=\"lazy\" decoding=\"async\" width=\"500\" height=\"720\" src=\"https:\/\/www.rocalba.es\/blog\/wp-content\/themes\/veen\/assets\/images\/transparent.gif\" data-lazy=\"true\" data-src=\"https:\/\/www.rocalba.es\/blog\/wp-content\/uploads\/narcisos-trompeta-mezcla-de-colores.jpg\" alt=\"\" class=\"wp-image-2699\" style=\"width:233px;height:auto\" data-srcset=\"https:\/\/www.rocalba.es\/blog\/wp-content\/uploads\/narcisos-trompeta-mezcla-de-colores.jpg 500w, https:\/\/www.rocalba.es\/blog\/wp-content\/uploads\/narcisos-trompeta-mezcla-de-colores-208x300.jpg 208w, https:\/\/www.rocalba.es\/blog\/wp-content\/uploads\/narcisos-trompeta-mezcla-de-colores-69x100.jpg 69w, https:\/\/www.rocalba.es\/blog\/wp-content\/uploads\/narcisos-trompeta-mezcla-de-colores-313x450.jpg 313w\" data-sizes=\"(max-width: 500px) 100vw, 500px\" \/><\/a><\/figure><\/div>\n\n\n<p>Se trata de <a href=\"https:\/\/www.rocalba.es\/es\/envases-y-granel-de-bulbos-de-otono\/97-narcisos-trompeta-mezcla-de-colores.html?search_query=narciso&amp;results=22\">plantas bulbosas que florecen a finales del invierno<\/a>, muy reconocibles por sus flores en forma de trompeta. Aunque el color m\u00e1s habitual es el amarillo, tambi\u00e9n existen variedades con flores blancas o anaranjadas, ideales para crear contrastes en el jard\u00edn.<\/p>\n\n\n\n<p>Se desarrollan muy bien en maceta, lo que las convierte en una opci\u00f3n pr\u00e1ctica y decorativa para terrazas, balcones o patios. Su floraci\u00f3n aporta un toque de color intenso y muy llamativo justo cuando el jard\u00edn empieza a despertar tras el invierno, con un cultivo sencillo y agradecido.<\/p>\n\n\n\n<h3 class=\"wp-block-heading\"><strong>Pensamientos<\/strong><\/h3>\n\n\n\n<p>Los <a href=\"https:\/\/www.rocalba.es\/es\/search?controller=search&amp;orderby=position&amp;orderway=desc&amp;search_query=pensamiento&amp;tm_submit_search=\">pensamientos<\/a>, tambi\u00e9n conocidos como violas o moraditas, son <strong>plantas anuales muy apreciadas por su resistencia al fr\u00edo<\/strong> y su capacidad para llenar de color el jard\u00edn durante el invierno y la primavera. Su cultivo suele iniciarse en septiembre, lo que permite disfrutar de una floraci\u00f3n abundante en los meses m\u00e1s fr\u00edos del a\u00f1o.<\/p>\n\n\n\n<figure class=\"wp-block-image size-full\"><img loading=\"lazy\" decoding=\"async\" width=\"911\" height=\"278\" src=\"https:\/\/www.rocalba.es\/blog\/wp-content\/themes\/veen\/assets\/images\/transparent.gif\" data-lazy=\"true\" data-src=\"https:\/\/www.rocalba.es\/blog\/wp-content\/uploads\/pensamientos-sobres-Rocalba.png\" alt=\"\" class=\"wp-image-2701\" data-srcset=\"https:\/\/www.rocalba.es\/blog\/wp-content\/uploads\/pensamientos-sobres-Rocalba.png 911w, https:\/\/www.rocalba.es\/blog\/wp-content\/uploads\/pensamientos-sobres-Rocalba-300x92.png 300w, https:\/\/www.rocalba.es\/blog\/wp-content\/uploads\/pensamientos-sobres-Rocalba-768x234.png 768w, https:\/\/www.rocalba.es\/blog\/wp-content\/uploads\/pensamientos-sobres-Rocalba-100x31.png 100w, https:\/\/www.rocalba.es\/blog\/wp-content\/uploads\/pensamientos-sobres-Rocalba-700x214.png 700w\" data-sizes=\"(max-width: 911px) 100vw, 911px\" \/><\/figure>\n\n\n\n<figure class=\"wp-block-image size-full\"><img loading=\"lazy\" decoding=\"async\" width=\"911\" height=\"276\" src=\"https:\/\/www.rocalba.es\/blog\/wp-content\/themes\/veen\/assets\/images\/transparent.gif\" data-lazy=\"true\" data-src=\"https:\/\/www.rocalba.es\/blog\/wp-content\/uploads\/sobres-Rocalba-pensamientos.png\" alt=\"\" class=\"wp-image-2702\" data-srcset=\"https:\/\/www.rocalba.es\/blog\/wp-content\/uploads\/sobres-Rocalba-pensamientos.png 911w, https:\/\/www.rocalba.es\/blog\/wp-content\/uploads\/sobres-Rocalba-pensamientos-300x91.png 300w, https:\/\/www.rocalba.es\/blog\/wp-content\/uploads\/sobres-Rocalba-pensamientos-768x233.png 768w, https:\/\/www.rocalba.es\/blog\/wp-content\/uploads\/sobres-Rocalba-pensamientos-100x30.png 100w, https:\/\/www.rocalba.es\/blog\/wp-content\/uploads\/sobres-Rocalba-pensamientos-700x212.png 700w\" data-sizes=\"(max-width: 911px) 100vw, 911px\" \/><\/figure>\n\n\n\n<p>Destacan por su amplia <strong>paleta de colores<\/strong> y por ser plantas poco exigentes y muy agradecidas, ideales tanto para jardineros experimentados como para quienes se inician. Durante la \u00e9poca de floraci\u00f3n necesitan riegos regulares, siempre evitando el encharcamiento, por lo que es fundamental contar con un sustrato bien drenado. Para favorecer una floraci\u00f3n continua, se recomienda aportar abono diluido en el agua de riego.<\/p>\n\n\n\n<p>Mant\u00e9n el sustrato h\u00famedo, ya que los pensamientos no toleran bien la sequ\u00eda.<\/p>\n\n\n\n<h1 class=\"wp-block-heading\">Transforma una simple maceta en un peque\u00f1o espacio lleno de vida<\/h1>\n\n\n\n<p>No importa el tama\u00f1o de tu terraza, balc\u00f3n o jard\u00edn: con la combinaci\u00f3n correcta, siempre hay una flor capaz de acompa\u00f1arte en cada estaci\u00f3n. Las macetas nos permiten jugar, cambiar y adaptarnos al clima, creando rincones llenos de color incluso cuando el fr\u00edo aprieta.<\/p>\n\n\n\n<p>En Rocalba creemos que <strong>cultivar flores es mucho m\u00e1s que decorar<\/strong>: es observar, cuidar y disfrutar del proceso. Apostar por variedades resistentes y bien adaptadas al exterior garantiza macetas floridas durante m\u00e1s tiempo y con menos esfuerzo. Porque cuando eliges bien desde el inicio, la naturaleza responde. En Rocalba, llevamos generaciones acompa\u00f1ando a quienes disfrutan cultivando, porque sabemos que detr\u00e1s de cada maceta florida hay una semilla, una ilusi\u00f3n y muchas ganas de ver crecer algo bonito.<\/p>\n\n\n\n<p> <\/p>\n\n\n\n<p><\/p>\n","protected":false},"excerpt":{"rendered":"<p>Ya te contamos c\u00f3mo proteger tu huerto y jard\u00edn del fr\u00edo en invierno, ahora te explicamos c\u00f3mo, cuando el jard\u00edn descansa y los colores se&#8230;<\/p>\n","protected":false},"author":1,"featured_media":2681,"comment_status":"closed","ping_status":"open","sticky":false,"template":"","format":"standard","meta":{"footnotes":""},"categories":[16,14],"tags":[394,395,396],"_links":{"self":[{"href":"https:\/\/www.rocalba.es\/blog\/wp-json\/wp\/v2\/posts\/2672"}],"collection":[{"href":"https:\/\/www.rocalba.es\/blog\/wp-json\/wp\/v2\/posts"}],"about":[{"href":"https:\/\/www.rocalba.es\/blog\/wp-json\/wp\/v2\/types\/post"}],"author":[{"embeddable":true,"href":"https:\/\/www.rocalba.es\/blog\/wp-json\/wp\/v2\/users\/1"}],"replies":[{"embeddable":true,"href":"https:\/\/www.rocalba.es\/blog\/wp-json\/wp\/v2\/comments?post=2672"}],"version-history":[{"count":16,"href":"https:\/\/www.rocalba.es\/blog\/wp-json\/wp\/v2\/posts\/2672\/revisions"}],"predecessor-version":[{"id":2705,"href":"https:\/\/www.rocalba.es\/blog\/wp-json\/wp\/v2\/posts\/2672\/revisions\/2705"}],"wp:featuredmedia":[{"embeddable":true,"href":"https:\/\/www.rocalba.es\/blog\/wp-json\/wp\/v2\/media\/2681"}],"wp:attachment":[{"href":"https:\/\/www.rocalba.es\/blog\/wp-json\/wp\/v2\/media?parent=2672"}],"wp:term":[{"taxonomy":"category","embeddable":true,"href":"https:\/\/www.rocalba.es\/blog\/wp-json\/wp\/v2\/categories?post=2672"},{"taxonomy":"post_tag","embeddable":true,"href":"https:\/\/www.rocalba.es\/blog\/wp-json\/wp\/v2\/tags?post=2672"}],"curies":[{"name":"wp","href":"https:\/\/api.w.org\/{rel}","templated":true}]}}