{"id":680,"date":"2020-12-18T10:47:00","date_gmt":"2020-12-18T09:47:00","guid":{"rendered":"http:\/\/www.rocalba.es\/blog\/?p=680"},"modified":"2021-02-03T08:55:09","modified_gmt":"2021-02-03T07:55:09","slug":"el-mantenimiento-del-cesped-en-invierno","status":"publish","type":"post","link":"https:\/\/www.rocalba.es\/blog\/el-mantenimiento-del-cesped-en-invierno\/","title":{"rendered":"El mantenimiento del c\u00e9sped en invierno"},"content":{"rendered":"\n<p><strong>Estamos ya finalizando el a\u00f1o, y el c\u00e9sped nos pide cada vez menos actuaciones. Noviembre y diciembre son meses en los que el c\u00e9sped comienza su ralentizaci\u00f3n, especialmente en zonas fr\u00edas de la pen\u00ednsula.<\/strong><\/p>\n\n\n\n<p>Pero hemos de tener en cuenta que el c\u00e9sped, a\u00fan con temperaturas muy bajas en las que no tiene pr\u00e1cticamente desarrollo vegetativo (a\u00e9reo), no deja de estar activo, y su actividad metab\u00f3lica no se frena en ning\u00fan momento.<\/p>\n\n\n\n<p>Es por ello que en estos meses, aunque de forma muy espaciada, es conveniente aplicarle&nbsp;<strong>alguna siega y alg\u00fan riego<\/strong>.<\/p>\n\n\n\n<p>Es importante segar, entre otras cosas porque las m\u00e1quinas de gasolina (mientras que no tengan el dep\u00f3sito vac\u00edo), deben ponerse en funcionamiento al menos una vez al mes, porque en caso contrario podemos tener problemas con el carburador y encontrarnos con que no nos arranca pasado un tiempo desde la \u00faltima utilizaci\u00f3n. Adem\u00e1s, estas siegas, aunque espor\u00e1dicas, ayudan a&nbsp;<strong>mantener m\u00e1s homog\u00e9neo al c\u00e9sped<\/strong>&nbsp;en altura.<\/p>\n\n\n\n<p>Si no llueve en estas fechas, es conveniente dar alg\u00fan riego, ya que el sistema radicular no paraliza nunca su desarrollo (aunque se ralentice), y por ello puede acusar un per\u00edodo largo en el que no llueva.<\/p>\n\n\n\n<p>Por lo dem\u00e1s, hay que tener cuidado con la aparici\u00f3n de musgo y enfermedades, pues es en estas fechas cuando son m\u00e1s propicios.<\/p>\n\n\n\n<p>Si hay que reponer alguna calva, y dadas las condiciones de temperaturas que nos podemos encontrar, es recomendable su&nbsp;<strong>reparaci\u00f3n mediante la utilizaci\u00f3n de tepes.<\/strong>&nbsp;Si las calvas son de peque\u00f1o tama\u00f1o, no importa, dado que el tepe admite todos los cortes que queramos practicarle. Basta con un utilizar un cuchillo o cutter que est\u00e9 bien afilado. Tarda aproximadamente 10-15 d\u00edas en \u201cagarrarse\u201d al terreno, per\u00edodo durante el cual conviene que se mantenga en reposo.<\/p>\n","protected":false},"excerpt":{"rendered":"<p>Estamos ya finalizando el a\u00f1o, y el c\u00e9sped nos pide cada vez menos actuaciones. Noviembre y diciembre son meses en los que el c\u00e9sped comienza su ralentizaci\u00f3n, especialmente en zonas fr\u00edas de la pen\u00ednsula.<\/p>\n","protected":false},"author":1,"featured_media":681,"comment_status":"closed","ping_status":"open","sticky":false,"template":"","format":"standard","meta":{"footnotes":""},"categories":[18],"tags":[],"_links":{"self":[{"href":"https:\/\/www.rocalba.es\/blog\/wp-json\/wp\/v2\/posts\/680"}],"collection":[{"href":"https:\/\/www.rocalba.es\/blog\/wp-json\/wp\/v2\/posts"}],"about":[{"href":"https:\/\/www.rocalba.es\/blog\/wp-json\/wp\/v2\/types\/post"}],"author":[{"embeddable":true,"href":"https:\/\/www.rocalba.es\/blog\/wp-json\/wp\/v2\/users\/1"}],"replies":[{"embeddable":true,"href":"https:\/\/www.rocalba.es\/blog\/wp-json\/wp\/v2\/comments?post=680"}],"version-history":[{"count":1,"href":"https:\/\/www.rocalba.es\/blog\/wp-json\/wp\/v2\/posts\/680\/revisions"}],"predecessor-version":[{"id":682,"href":"https:\/\/www.rocalba.es\/blog\/wp-json\/wp\/v2\/posts\/680\/revisions\/682"}],"wp:featuredmedia":[{"embeddable":true,"href":"https:\/\/www.rocalba.es\/blog\/wp-json\/wp\/v2\/media\/681"}],"wp:attachment":[{"href":"https:\/\/www.rocalba.es\/blog\/wp-json\/wp\/v2\/media?parent=680"}],"wp:term":[{"taxonomy":"category","embeddable":true,"href":"https:\/\/www.rocalba.es\/blog\/wp-json\/wp\/v2\/categories?post=680"},{"taxonomy":"post_tag","embeddable":true,"href":"https:\/\/www.rocalba.es\/blog\/wp-json\/wp\/v2\/tags?post=680"}],"curies":[{"name":"wp","href":"https:\/\/api.w.org\/{rel}","templated":true}]}}